{"id":270,"date":"2009-02-22T15:13:11","date_gmt":"2009-02-22T14:13:11","guid":{"rendered":"http:\/\/badindicator.de\/blog\/?p=270"},"modified":"2009-03-03T08:55:18","modified_gmt":"2009-03-03T07:55:18","slug":"schattenarchitekt","status":"publish","type":"post","link":"http:\/\/badindicator.de\/blog\/2009\/02\/22\/schattenarchitekt\/","title":{"rendered":"Schattenarchitekt"},"content":{"rendered":"<p>Jede Maschine, sei sie noch so gro\u00df oder klein, besteht aus einzelnen Teilen, denen jeweils eine bestimmte Funktion zukommt. Die kleine Apparaturen, zu deren Bau selbst Menschen f\u00e4hig sein m\u00f6gen, bestehen aus Zahnr\u00e4dern, aus Dr\u00e4hten und Platten, Hebeln und L\u00e4mpchen. Andere, kompliziertere, wie etwa diejenigen, die ihr benutzt, ohne sie gebaut zu haben, bestehen selbst aus Menschen.<br \/>\nAuch die gigantische Maschine, die die Welt best\u00e4ndig schafft und erneuert, der Apparat, den ihr nur schemenhaft begreift, mal als sch\u00f6pferische Natur, mal als einf\u00e4ltigen Gott, besteht aus einzelnen Teilen.<br \/>\nIhrem ungleich h\u00f6heren Zweck entsprechend sind ihre einzelnen Bauteile komplizierter als eure einfachen Schwungr\u00e4der und Scharniere. Auch sind die Elemente der Gro\u00dfen Maschine in sich wiederum aus Teilen zusammengesetzt, und jedes noch so kleine Teil eines Teiles ist gr\u00f6\u00dfer und komplizierter als jede eurer Maschinen. Jedes einzelne f\u00fcr sich ist sinnlos, ebenso wie eine Feder aus euren mechanischen Uhren allein nichts bedeutet und zu nichts f\u00e4hig ist, was einem h\u00f6heren Zweck entspr\u00e4che: So ist es auch mit uns.<\/p>\n<p><a class=\"tt-flickr tt-flickr-Medium\" href=\"http:\/\/badindicator.de\/blog\/album\/photo\/3324812942\/der-schattenarchitekt.html\"><img loading=\"lazy\" decoding=\"async\" class=\"alignleft\" style=\"border: 2px solid black; margin: 5px;\" src=\"http:\/\/farm4.static.flickr.com\/3587\/3324812942_ff488004fd.jpg\" border=\"0\" alt=\"Der Schattenarchitekt\" width=\"470\" height=\"407\" \/><\/a>Eines der Elemente der Gro\u00dfen Maschine bin ich, und kein anderer Grund befiehlt meine Existenz. Meine Funktion bestimmt mich wie auch jedes andere Teilchen der Maschine durch seine Funktion bedingt ist; dar\u00fcber hinaus gibt es nichts zu fragen, auch wenn ihr es vielleicht als unverst\u00e4ndlich sehen werdet.<br \/>\nWir, die Teile der Gro\u00dfen Maschine sind, wurden mit ganz verschiedenen Eigenarten entworfen. Einige von uns etwa f\u00fcllen die Zeit nach, wenn sie zur Neige zu gehen droht. Andere sch\u00f6pfen ein wenig ab, wenn zuviel davon in der Welt ist. Wieder andere schieben die Sterne und Planeten durch das All, die gr\u00f6\u00dften unter uns gar die Galaxien. In einigen von uns wurde die F\u00e4higkeit angelegt zu erschaffen, in manchen dagegen die zu zerst\u00f6ren.<br \/>\nIch bin nicht mehr als ein geringes unter der schier unendlichen Zahl der Elemente, auch wenn viele von euch mit meiner Arbeit vertraut sind. Vielleicht ist das auch der Grund, warum man mir die Kenntnis eurer Sprache eingab. In dieser niederen Sprache, die eure Ohren verstehen k\u00f6nnen, w\u00fcrdet ihr mich einen Architekten nennen, genauer, den Architekten der Schatten.<\/p>\n<p>Ich allein bin es, der sie entwirft, sie mit all ihren Eigenarten bestimmt und erschafft. Es mag euch verwundern, da ihr meine Schatten nicht einmal z\u00e4hlen k\u00f6nnt, aber ich kenne jeden einzelnen der Myriaden von Schatten beim Namen, und jeder tr\u00e4gt einen anderen. Beinahe meine ganze Zeit verwende ich darauf, sie immer wieder\u00a0 neu zu formen und zu entwickeln. Mit dem geringen k\u00fcnstlerischen Talent, dass man mir gegeben hat, suche ich die Glorie des Ganzen auch in den Schatten auszudr\u00fccken, und auch ich wachse an dieser Aufgabe. So dauerte es \u00c4onen, bis ich verstand, dass es ausschlie\u00dflich auf den Charakter des Schattens ankommt, nicht auf seine Form oder seine \u00e4u\u00dfere Beschaffenheit. Von meinen fr\u00fchen Arbeiten ist daher nicht viel geblieben, aber eine k\u00f6nnt ihr vielleicht sehen, wenn euer grelles, k\u00fcnstliches Licht scharf \u00fcber einer Kante abf\u00e4llt: Sie stammt noch aus einer Zeit, da es nicht einmal die Sterne gab.<\/p>\n<p>Manche meiner imposantesten Werken werdet ihr nie erblicken, weil eure Sonne verl\u00f6schen wird, bevor ihr die Orte auch nur erreichen k\u00f6nntet, an denen ich sie geschaffen haben; aber die subtilsten, die auf die eine oder andere Art eindrucksvollsten meiner Kreationen existieren fast ausschlie\u00dflich in eurer N\u00e4he. Es gibt keine Regel daf\u00fcr; es gibt kein Gesetz, das dies so vorschreibt. Aber ich denke, meine Sympathie f\u00fcr euch ist kein Zufall. Nein, man hat es sicher absichtlich so eingerichtet: Und so bin ich meist in eurer N\u00e4he. Mit Leichtigkeit k\u00f6nnte ich die \u00e4u\u00dfersten Bereiche des Universums erkunden. Ich k\u00f6nnte Schatten malen, die von gigantischen toten Sternen geworfen werden oder solche, deren Existenz allein euch schon erschrecken w\u00fcrde. Aber stattdessen verbringe ich so viel Zeit wie m\u00f6glich damit, die Schatten auf Bahnsteigen zu malen; die Schatten von Butterblumen, von Bergen.<\/p>\n<p>Es ist aus eurer Sicht schon eine lange Zeit vergangen, seit ich euch entdeckte. Schon die ersten von euch hatten dieses besondere an sich, dass ich mir immer nicht zu erkl\u00e4ren vermag. Schnell wurde mir klar, dass ihr mir, so primitiv ihr auch seid, in gewisser Weise \u00e4hnlich seid: auch ihr versteht etwas von den Schatten; Ich kann es sehen, wenn ihr sie anseht. Aber auch \u00fcber euch huschen Schatten; manche eurer Gesichter sind voll davon, und in ihrer Art und Verschiedenheit sind sie kaum zu z\u00e4hlen. Einmal fuhr ich in einer eurer Stra\u00dfenbahn und sah einen alten Mann, der kein zu Hause mehr hatte: nicht weniger als 78 Schatten z\u00e4hlte ich in seinem schlafenden Gesicht, und keiner von ihnen hatte etwas Ordin\u00e4res.<\/p>\n<p>So k\u00f6nntet ihr mich manchches Mal beobachten; gern fahre ich in Z\u00fcgen. Meist sehe ich in die Dunkelheit, beobachte die Silhouette des Zuges. Ich wei\u00df nicht, woher eure Leidenschaft f\u00fcr die Schatten kommt. Meine wurde mir in die Wiege gelegt, bei euch bin mir nicht mehr sicher. Ich beobachte euch gerne: auch wenn ihr so simpel konstruiert seid, auch wenn eure K\u00f6rper so zerbrechlich sind und euer Verstand so gering, da ist etwas besonderes an euch. Man erwartet von mir nicht, dass ich Fragen stelle, und so besitze ich nicht die Neugier, Fragen zu stellen oder gar nachzuforschen, aber ich denke, eins ist mir inzwischen klar: Ihr seid nicht Teil der Gro\u00dfen Maschine.<\/p>\n","protected":false},"excerpt":{"rendered":"<p>Jede Maschine, sei sie noch so gro\u00df oder klein, besteht aus einzelnen Teilen, denen jeweils eine bestimmte Funktion zukommt. Die kleine Apparaturen, zu deren Bau selbst Menschen f\u00e4hig sein m\u00f6gen, bestehen aus Zahnr\u00e4dern, aus Dr\u00e4hten und Platten, Hebeln und L\u00e4mpchen. Andere, kompliziertere, wie etwa diejenigen, die ihr benutzt, ohne sie gebaut zu haben, bestehen selbst [&hellip;]<\/p>\n","protected":false},"author":1,"featured_media":0,"comment_status":"open","ping_status":"open","sticky":false,"template":"","format":"standard","meta":{"footnotes":""},"categories":[2,16],"tags":[74,67,107,68,108],"class_list":["post-270","post","type-post","status-publish","format-standard","hentry","category-2","category-2-2-2-2-2-2-2-2-2-2-2-2-2-2-2","tag-funktion","tag-menschen","tag-schatten","tag-schonheit","tag-zweck"],"_links":{"self":[{"href":"http:\/\/badindicator.de\/blog\/wp-json\/wp\/v2\/posts\/270","targetHints":{"allow":["GET"]}}],"collection":[{"href":"http:\/\/badindicator.de\/blog\/wp-json\/wp\/v2\/posts"}],"about":[{"href":"http:\/\/badindicator.de\/blog\/wp-json\/wp\/v2\/types\/post"}],"author":[{"embeddable":true,"href":"http:\/\/badindicator.de\/blog\/wp-json\/wp\/v2\/users\/1"}],"replies":[{"embeddable":true,"href":"http:\/\/badindicator.de\/blog\/wp-json\/wp\/v2\/comments?post=270"}],"version-history":[{"count":0,"href":"http:\/\/badindicator.de\/blog\/wp-json\/wp\/v2\/posts\/270\/revisions"}],"wp:attachment":[{"href":"http:\/\/badindicator.de\/blog\/wp-json\/wp\/v2\/media?parent=270"}],"wp:term":[{"taxonomy":"category","embeddable":true,"href":"http:\/\/badindicator.de\/blog\/wp-json\/wp\/v2\/categories?post=270"},{"taxonomy":"post_tag","embeddable":true,"href":"http:\/\/badindicator.de\/blog\/wp-json\/wp\/v2\/tags?post=270"}],"curies":[{"name":"wp","href":"https:\/\/api.w.org\/{rel}","templated":true}]}}